{"id":340,"date":"2013-10-21T12:32:56","date_gmt":"2013-10-21T11:32:56","guid":{"rendered":"http:\/\/www.munkaviszony.hu\/?p=340"},"modified":"2016-03-02T10:59:25","modified_gmt":"2016-03-02T09:59:25","slug":"valaszthat-tervez-vagy-sodrodik-az-arral","status":"publish","type":"post","link":"https:\/\/www.munkaviszony.hu\/?p=340","title":{"rendered":"V\u00e1laszthat: tervez, vagy sodr\u00f3dik az \u00e1rral"},"content":{"rendered":"<p>V\u00e1llalatvezet\u0151k\u00e9nt legfontosabb feladatunk az ir\u00e1ny\u00edt\u00e1s. Az \u201eir\u00e1ny\u00edt\u00e1s\u201d sz\u00f3 azt jelenti, hogy ugyan\u00fagy vezetj\u00fck c\u00e9g\u00fcnket, mint egy aut\u00f3t vagy egy\u00e9b j\u00e1rm\u0171vet: ha elengedj\u00fck a korm\u00e1nyt, akkor let\u00e9r\u00fcnk az \u00fatr\u00f3l, \u00e9s ki tudja hov\u00e1 jutunk, ha r\u00e1ngatjuk a korm\u00e1nyt, akkor el\u0151bb-ut\u00f3bb kisodr\u00f3dunk, fejre \u00e1llunk.<\/p>\n<p>A v\u00e1llalkoz\u00e1sokat is teh\u00e1t \u00fagy kell vezetni, mint egy aut\u00f3t: er\u0151s k\u00e9zzel fogva a korm\u00e1nyt, de egyenletes finom, kisz\u00e1m\u00edthat\u00f3 mozdulatokkal terelgetve a kit\u0171z\u00f6tt c\u00e9l fel\u00e9.<\/p>\n<p>A vezet\u00e9snek a v\u00e1llalkoz\u00e1s minden aspektus\u00e1ra ki kell terjednie, hiszen az egyes ter\u00fcletek \u00f6sszef\u00fcggnek, egym\u00e1sra \u00e9p\u00fclnek. \u00cdgy van ez az \u00fczleti tervekkel, illetve azok megval\u00f3s\u00edt\u00e1s\u00e1val is.<\/p>\n<p>Amennyiben van egy elk\u00e9pzelt j\u00f6v\u0151, egy kit\u0171z\u00f6tt c\u00e9l, ami fel\u00e9 haladunk, azt j\u00f6v\u0151k\u00e9pnek h\u00edvj\u00e1k. Re\u00e1lis helyzet\u00e9rt\u00e9kel\u00e9ssel pedig meg\u00e1llap\u00edthat\u00f3, hol vagyunk most. Egy j\u00f3 strat\u00e9giai tervvel teh\u00e1t fel\u00e1ll\u00edtottuk a kezdeti \u00e9s a v\u00e9gpontot v\u00e1llalkoz\u00e1sunk sz\u00e1m\u00e1ra. Azt pedig v\u00e1llalkoz\u00e1sunk (\u00e1ltal\u00e1ban \u00e9ves) \u00fczleti terv\u00e9ben fogjuk r\u00f6gz\u00edteni, hogy milyen \u00faton jutunk el a jelenlegi \u00e1llapotb\u00f3l a j\u00f6v\u0151k\u00e9pben meghat\u00e1rozott \u00e1llapotba. Ez lesz az az \u00fat, amelyet v\u00e9gig kell j\u00e1rnunk annak \u00e9rdek\u00e9ben, hogy a meghat\u00e1rozott t\u00e1volabbi j\u00f6v\u0151ben ott legy\u00fcnk, ahol lenni szeretn\u00e9nk.<\/p>\n<p>Ha ezt az utat egy vektork\u00e9nt k\u00e9pzelj\u00fck el, akkor ez a nagy vektor sok m\u00e1sik, kisebb vektor ered\u0151jek\u00e9nt \u00e9rtelmezhet\u0151. Ezen kisebb vektorok ir\u00e1ny\u00e1t a v\u00e1llalkoz\u00e1sunkban dolgoz\u00f3 munkav\u00e1llal\u00f3k egy\u00e9ni c\u00e9ljai, er\u0151ss\u00e9g\u00fcket pedig felk\u00e9sz\u00fclts\u00e9g\u00fck \u00e9s motiv\u00e1lts\u00e1guk adja.<\/p>\n<p>Hi\u00e1ba t\u0171z\u00fcnk ki teh\u00e1t v\u00e1llalkoz\u00e1sunk el\u00e9 egy olyan c\u00e9lt, amivel a dolgoz\u00f3k nem \u00e9rtenek egyet: \u0151k saj\u00e1t c\u00e9ljaik megval\u00f3s\u00edt\u00e1s\u00e1n fognak dolgozni. Ha ez nem esik egybe a v\u00e1llalkoz\u00e1s c\u00e9ljaival, akkor nem fogjuk tartani a k\u00edv\u00e1nt ir\u00e1nyt. Ha a kis vektorok (a munkav\u00e1llal\u00f3k) ir\u00e1nya j\u00f3, de motiv\u00e1lts\u00e1guk vagy k\u00e9pzetlens\u00e9g\u00fck ok\u00e1n nem el\u00e9g er\u0151sek, akkor \u2013 b\u00e1r j\u00f3 ir\u00e1nyba tartunk \u2013 nem fogunk tudni a kell\u0151 sebess\u00e9ggel haladni, \u00e9s sosem \u00e9rj\u00fck el kit\u0171z\u00f6tt c\u00e9ljainkat.<\/p>\n<p>Munkat\u00e1rsaink megv\u00e1laszt\u00e1sakor teh\u00e1t rendk\u00edv\u00fcl fontos, hogy motiv\u00e1ci\u00f3ikat, szem\u00e9lyes c\u00e9ljaikat is megismerj\u00fck, \u00e9s \u00e9p\u00edts\u00fcnk azokra. A kiv\u00e1laszt\u00e1s f\u0151 szempontja ezek szerint a k\u00e9pzetts\u00e9g \u00e9s a gyakorlat mellett a jel\u00f6lt motiv\u00e1ci\u00f3i, szem\u00e9lyes c\u00e9ljai kell, hogy legyenek.<\/p>\n<p>A munkav\u00e1llal\u00f3k illeszked\u00e9se az adott munkak\u00f6rh\u00f6z, munkahelyhez, az \u00e1ll\u00e1st meghirdet\u0151 c\u00e9ghez szint\u00e9n olyan k\u00f6r\u00fclm\u00e9ny, amelyet c\u00e9lszer\u0171 szem el\u0151tt tartani. Sokan elk\u00f6vetik p\u00e9ld\u00e1ul azt a hib\u00e1t, hogy a \u201elegjobb\u201d p\u00e1ly\u00e1z\u00f3t veszik fel az adott \u00e1ll\u00e1sra, holott a \u2013 bet\u00f6ltend\u0151 \u00e1ll\u00e1shoz k\u00e9pest \u2013 t\u00falk\u00e9pzett munkaer\u0151 nem felt\u00e9tlen\u00fcl lesz hajland\u00f3 elv\u00e9gezni a r\u00e1b\u00edzott feladatokat. A m\u00e1sik gyakori p\u00e9lda, hogy \u2013 id\u0151hi\u00e1ny, vagy egy\u00e9b okok miatt \u2013 gyakorlatilag tal\u00e1lomra v\u00e1lasztunk a be\u00e9rkez\u0151 p\u00e1ly\u00e1z\u00f3k k\u00f6z\u00fcl. Ebben az esetben sokszor alulk\u00e9pzett munkav\u00e1llal\u00f3t kapunk, aki pedig k\u00e9pess\u00e9gei, tud\u00e1sa h\u00edj\u00e1n nem lesz k\u00e9pes a r\u00e1b\u00edzott feladatokat ell\u00e1tni.<\/p>\n<p>\u00daj munkav\u00e1llal\u00f3 felv\u00e9tele felel\u0151s d\u00f6nt\u00e9s. A felv\u00e9teli proced\u00far\u00e1val, a d\u00f6nt\u00e9s meghozatal\u00e1val \u00e9s a betan\u00edt\u00e1si id\u0151szak k\u00f6lts\u00e9geivel egy\u00fctt ak\u00e1r milli\u00f3s terhet is jelenthet a v\u00e1llalkoz\u00e1s sz\u00e1m\u00e1ra, rossz d\u00f6nt\u00e9s eset\u00e9n pedig a nem megfelel\u0151en kiv\u00e1lasztott munkaer\u0151 elbocs\u00e1t\u00e1si k\u00f6lts\u00e9gei hozz\u00e1ad\u00f3dnak a megism\u00e9telt toborz\u00e1si-kiv\u00e1laszt\u00e1si-felv\u00e9teli-betan\u00edt\u00e1si proced\u00far\u00e1hoz.<\/p>\n<p>Munkaer\u0151-k\u00f6zvet\u00edt\u0151 \u00fcgyn\u00f6ks\u00e9g seg\u00edts\u00e9g\u00e9vel azonban olyan megfelel\u0151en kiv\u00e1lasztott munkaer\u0151h\u00f6z juthatunk, aki\u00e9rt az \u0151t kiv\u00e1laszt\u00f3 tan\u00e1csad\u00f3 c\u00e9g garanci\u00e1t is v\u00e1llal: ha nem vagyunk megel\u00e9gedve az \u00faj koll\u00e9g\u00e1val, a garanciaid\u0151n bel\u00fcl \u00faj jel\u00f6ltet k\u00fcldenek helyette.<\/p>\n<p><em>Hoffmann G\u00e1bor Csaba<\/em><br \/>\n<em> Munkajogi \u00e9s HR tan\u00e1csad\u00f3<\/em><\/p>\n","protected":false},"excerpt":{"rendered":"<p>V\u00e1llalatvezet\u0151k\u00e9nt legfontosabb feladatunk az ir\u00e1ny\u00edt\u00e1s. Az \u201eir\u00e1ny\u00edt\u00e1s\u201d sz\u00f3 azt jelenti, hogy ugyan\u00fagy vezetj\u00fck c\u00e9g\u00fcnket, mint egy aut\u00f3t vagy egy\u00e9b j\u00e1rm\u0171vet: ha elengedj\u00fck a korm\u00e1nyt, akkor let\u00e9r\u00fcnk az \u00fatr\u00f3l, \u00e9s ki tudja hov\u00e1 jutunk, ha r\u00e1ngatjuk a korm\u00e1nyt, akkor el\u0151bb-ut\u00f3bb kisodr\u00f3dunk, fejre \u00e1llunk. A v\u00e1llalkoz\u00e1sokat is teh\u00e1t \u00fagy kell vezetni, mint egy aut\u00f3t: er\u0151s k\u00e9zzel fogva<\/p>\n<p class=\"more-link\"><a href=\"https:\/\/www.munkaviszony.hu\/?p=340\" class=\"themebutton2\">READ MORE<\/a><\/p>\n","protected":false},"author":1,"featured_media":706,"comment_status":"open","ping_status":"open","sticky":false,"template":"","format":"standard","meta":{"_exactmetrics_skip_tracking":false,"_exactmetrics_sitenote_active":false,"_exactmetrics_sitenote_note":"","_exactmetrics_sitenote_category":0,"footnotes":""},"categories":[9],"tags":[],"class_list":["post-340","post","type-post","status-publish","format-standard","has-post-thumbnail","hentry","category-munkajogi-blog"],"_links":{"self":[{"href":"https:\/\/www.munkaviszony.hu\/index.php?rest_route=\/wp\/v2\/posts\/340"}],"collection":[{"href":"https:\/\/www.munkaviszony.hu\/index.php?rest_route=\/wp\/v2\/posts"}],"about":[{"href":"https:\/\/www.munkaviszony.hu\/index.php?rest_route=\/wp\/v2\/types\/post"}],"author":[{"embeddable":true,"href":"https:\/\/www.munkaviszony.hu\/index.php?rest_route=\/wp\/v2\/users\/1"}],"replies":[{"embeddable":true,"href":"https:\/\/www.munkaviszony.hu\/index.php?rest_route=%2Fwp%2Fv2%2Fcomments&post=340"}],"version-history":[{"count":1,"href":"https:\/\/www.munkaviszony.hu\/index.php?rest_route=\/wp\/v2\/posts\/340\/revisions"}],"predecessor-version":[{"id":341,"href":"https:\/\/www.munkaviszony.hu\/index.php?rest_route=\/wp\/v2\/posts\/340\/revisions\/341"}],"wp:featuredmedia":[{"embeddable":true,"href":"https:\/\/www.munkaviszony.hu\/index.php?rest_route=\/wp\/v2\/media\/706"}],"wp:attachment":[{"href":"https:\/\/www.munkaviszony.hu\/index.php?rest_route=%2Fwp%2Fv2%2Fmedia&parent=340"}],"wp:term":[{"taxonomy":"category","embeddable":true,"href":"https:\/\/www.munkaviszony.hu\/index.php?rest_route=%2Fwp%2Fv2%2Fcategories&post=340"},{"taxonomy":"post_tag","embeddable":true,"href":"https:\/\/www.munkaviszony.hu\/index.php?rest_route=%2Fwp%2Fv2%2Ftags&post=340"}],"curies":[{"name":"wp","href":"https:\/\/api.w.org\/{rel}","templated":true}]}}