{"id":346,"date":"2013-12-11T13:19:45","date_gmt":"2013-12-11T12:19:45","guid":{"rendered":"http:\/\/www.munkaviszony.hu\/?p=346"},"modified":"2016-03-02T10:59:25","modified_gmt":"2016-03-02T09:59:25","slug":"virgacsot-hoz-a-munkaugyi-felugyelet-mikulasa","status":"publish","type":"post","link":"https:\/\/www.munkaviszony.hu\/?p=346","title":{"rendered":"Virg\u00e1csot hoz a Munka\u00fcgyi Fel\u00fcgyelet Mikul\u00e1sa"},"content":{"rendered":"<p>Mint minden \u00e9vben, ez\u00fattal is meg\u00f6rvendezteti a v\u00e1llalkoz\u00f3kat a munka\u00fcgyi hat\u00f3s\u00e1g a k\u00f6vetkez\u0151 \u00e9vre vonatkoz\u00f3 ellen\u0151rz\u00e9si ir\u00e1nyelveivel.<\/p>\n<p>K\u00f6zz\u00e9tette a Munka\u00fcgyi \u00e9s Munkav\u00e9delmi Fel\u00fcgyel\u0151s\u00e9g a 2014. \u00e9vi ellen\u0151rz\u00e9si ir\u00e1nyelveit.<\/p>\n<p>A hat\u00f3s\u00e1g ez\u00fattal is k\u00fcl\u00f6n eml\u00edti a munkav\u00e9delmi \u00e9s a munka\u00fcgyi ellen\u0151rz\u00e9si tematik\u00e1t, melyekben a f\u0151 hangs\u00falyokat 2014-ben a k\u00f6vetkez\u0151k adj\u00e1k:<\/p>\n<p>Munkav\u00e9delmi ellen\u0151rz\u00e9sek:<\/p>\n<ul>\n<li>2014 I. f\u00e9l\u00e9v\u00e9ben az eg\u00e9szs\u00e9g\u00fcgyi szolg\u00e1ltat\u00f3k sz\u00e1m\u00edthatnak komolyabb ellen\u0151rz\u00e9sre, k\u00fcl\u00f6n\u00f6s tekintettel a sz\u00far\u00f3-v\u00e1g\u00f3 eszk\u00f6z\u00f6k haszn\u00e1lat\u00e1nak szab\u00e1lyoss\u00e1g\u00e1t illet\u0151en. Kiv\u00e1ltk\u00e9pp ellen\u0151rizni fogj\u00e1k az ilyen eszk\u00f6z\u00f6k haszn\u00e1lat\u00e1r\u00f3l sz\u00f3l\u00f3 oktat\u00e1si jegyz\u0151k\u00f6nyveket illetve t\u00e1j\u00e9koztat\u00e1sokat.<\/li>\n<li>2014 II.-III. negyed\u00e9vben az \u00e9p\u00edt\u0151ipari kivitelez\u00e9sek helysz\u00ednein lehet nagyobb gyakoris\u00e1ggal az ellen\u0151r\u00f6k megjelen\u00e9s\u00e9re sz\u00e1m\u00edtani. Id\u00e9n az els\u0151 \u00be-ed \u00e9vben 12 hal\u00e1los baleset t\u00f6rt\u00e9nt az \u00e9p\u00edtkez\u00e9seken, ami a hal\u00e1los munkabalesetek 1\/3-a. Az ir\u00e1nyelv fel\u00fcgyel\u0151nk\u00e9nt 10 munk\u00e1ltat\u00f3 vizsg\u00e1lat\u00e1t \u00edrja el\u0151, \u00edgy ez az ellen\u0151rz\u00e9s k\u00fcl\u00f6n\u00f6sen intenz\u00edvnek \u00edg\u00e9rkezik!<\/li>\n<li>2014 nyara ism\u00e9t a h\u0151s\u00e9griaszt\u00e1ssal \u00f6sszef\u00fcgg\u0151 ellen\u0151rz\u00e9sek id\u0151szaka lesz.<\/li>\n<li>2014 II. f\u00e9l\u00e9v\u00e9ben a b\u00e1nyav\u00e1llalatok sz\u00e1m\u00edthatnak a munkav\u00e9delmi hat\u00f3s\u00e1g kit\u00fcntet\u0151 \u00e9rdekl\u0151d\u00e9s\u00e9re.\n<p>A munkav\u00e9delmi ellen\u0151rz\u00e9seken fel\u00fcl a munka\u00fcgyi fel\u00fcgyel\u0151k is okozhatnak kellemetlen perceket 2014-ben.<\/p>\n<p>Munka\u00fcgyi ellen\u0151rz\u00e9sek:<\/li>\n<li>2014. m\u00e1rcius-\u00e1prilis\u00e1ban a v\u00e9dett munkav\u00e1llal\u00f3kat, azaz n\u0151ket, fiatalkor\u00faakat \u00e9s megv\u00e1ltozott munkak\u00e9pess\u00e9g\u0171eket foglalkoztat\u00f3 munk\u00e1ltat\u00f3k sz\u00e1m\u00edthatnak a hat\u00f3s\u00e1g \u00e9rdekl\u0151d\u00e9s\u00e9re.<\/li>\n<li>J\u00fanius-j\u00falius h\u00f3napban ism\u00e9t a feketemunka, illetve a munkav\u00e1llal\u00f3k jogviszony\u00e1nak ellen\u0151rz\u00e9se ker\u00fcl ter\u00edt\u00e9kre.<\/li>\n<li>Az okt\u00f3ber-november h\u00f3nap a munkab\u00e9rrel kapcsolatos ellen\u0151rz\u00e9sek id\u0151szaka lesz. Ez ut\u00f3bbin\u00e1l k\u00fcl\u00f6n\u00f6sen \u00e9rdemes figyelni a minim\u00e1lb\u00e9r \u00e9s a garant\u00e1lt b\u00e9rminimum alkalmaz\u00e1s\u00e1nak felt\u00e9teleire. Az alacsonyabb \u00f6sszeg\u0171 minim\u00e1lb\u00e9rt a FEOR 9-es besorol\u00e1s\u00fa, szakk\u00e9pzetts\u00e9get nem ig\u00e9nyl\u0151 egyszer\u0171 foglakoz\u00e1sok eset\u00e9ben lehet alkalmazni. Itt olyan munkak\u00f6r\u00f6k tal\u00e1lhat\u00f3k, mint p\u00e9ld\u00e1ul a takar\u00edt\u00f3k, szem\u00e9tgy\u0171jt\u0151k, rakod\u00f3munk\u00e1sok, konyhai- \u00e9s gyors\u00e9ttermi kiseg\u00edt\u0151k valamint az \u00e9p\u00edt\u0151ipari seg\u00e9dmunk\u00e1sok. Mivel az ilyen munkak\u00f6r\u00f6kh\u00f6z jelent\u0151s ad\u00f3kedvezm\u00e9nyek is t\u00e1rsulnak, ez\u00e9rt az e munkak\u00f6r\u00f6kben foglalkoztatottak ellen\u0151rz\u00e9s\u00e9re az ad\u00f3hat\u00f3s\u00e1g r\u00e9sz\u00e9r\u0151l is sz\u00e1m\u00edthatunk: ha p\u00e9ld\u00e1ul a \u201etakar\u00edt\u00f3\u201d besorol\u00e1s\u00fa munkav\u00e1llal\u00f3nk a val\u00f3s\u00e1gban sz\u00e1m\u00edt\u00f3g\u00e9pes programokat k\u00e9sz\u00edt, akkor nem csak a munka\u00fcgyi fel\u00fcgyelet r\u00e9sz\u00e9r\u0151l sz\u00e1m\u00edthatunk kellemetlen pillanatokra. Fontos fejben tartani, hogy nem a munkav\u00e1llal\u00f3 v\u00e9gzetts\u00e9ge, hanem az \u00e1ltala t\u00e9nylegesen bet\u00f6lt\u00f6tt munkak\u00f6r a m\u00e9rvad\u00f3. A munkak\u00f6r\u00f6k besorol\u00e1s\u00e1n\u00e1l a<a href=\"http:\/\/www.ksh.hu\/docs\/szolgaltatasok\/hun\/feor08\/feorlista.html\" target=\"_blank\"><strong>K\u00f6zponti Statisztikai Hivatal (KSH) \u00e1ltal k\u00f6zz\u00e9tett oszt\u00e1lyoz\u00e1si rendszert<\/strong><\/a>\u00a0kell alapul venni.\n<p>Az ellen\u0151rz\u00e9si ir\u00e1nyelv r\u00e9sze tov\u00e1bb\u00e1, hogy a munka\u00fcgyi ellen\u0151rz\u00e9sek 10 sz\u00e1zal\u00e9ka a szem\u00e9ly- \u00e9s vagyonv\u00e9delemben, a munkav\u00e9delmi ellen\u0151rz\u00e9sek 5 sz\u00e1zal\u00e9ka a jav\u00edt\u00e1si tev\u00e9kenys\u00e9gekben \u00e9rdekelt munk\u00e1ltat\u00f3kat c\u00e9lozza majd 2014-ben, illetve a feketemunk\u00e1n kapott foglalkoztat\u00f3k 80 sz\u00e1zal\u00e9ka sz\u00e1m\u00edthat ut\u00f3lagos ellen\u0151rz\u00e9sre is.<\/p>\n<p>Fontos tiszt\u00e1ban lenni azzal, hogy a szab\u00e1lyok megszeg\u0151i mi mindent kock\u00e1ztatnak.<br \/>\nBizonyos esetekben a fel\u00fcgyel\u0151 nem m\u00e9rlegelhet: k\u00f6telez\u0151en b\u00edrs\u00e1got kell kiszabnia, amelynek \u00f6sszege 30 ezer \u00e9s 20 milli\u00f3 forint k\u00f6z\u00f6tti lehet.<\/p>\n<p>Ilyen k\u00f6telez\u0151en b\u00edrs\u00e1goland\u00f3 t\u00e9ny\u00e1ll\u00e1sok a k\u00f6vetkez\u0151k:<\/li>\n<li>A 18 \u00e9v alatti munkav\u00e1llal\u00f3kra vonatkoz\u00f3 (2013-ban k\u00fcl\u00f6n\u00f6sen megszigor\u00edtott) szab\u00e1lyok megs\u00e9rt\u00e9se<\/li>\n<li>A bejelent\u00e9si k\u00f6telezetts\u00e9g elmulaszt\u00e1sa<\/li>\n<li>A munkab\u00e9r \u00f6sszeg\u00e9re \u00e9s a kifizet\u00e9si hat\u00e1rid\u0151kre vonatkoz\u00f3 szab\u00e1lyok megszeg\u00e9se<\/li>\n<li>Valamint az illeg\u00e1lis munkaer\u0151-k\u00f6lcs\u00f6nz\u00e9si tev\u00e9kenys\u00e9g kapcs\u00e1n.\n<p>A munka\u00fcgyi b\u00edrs\u00e1gon fel\u00fcl tov\u00e1bbi kellemetlens\u00e9gek v\u00e1rnak a mulaszt\u00f3kra. Ilyenek p\u00e9ld\u00e1ul:<\/li>\n<li>Az EU-s \u00e9s magyar p\u00e1ly\u00e1zatokb\u00f3l,<\/li>\n<li>T\u00e1mogat\u00e1sokb\u00f3l,<\/li>\n<li>K\u00f6zbeszerz\u00e9sekb\u0151l,<\/li>\n<li>valamint a Sz\u00e9chenyi k\u00e1rty\u00e1b\u00f3l val\u00f3 kiz\u00e1r\u00e1s,<\/li>\n<li>tov\u00e1bb\u00e1 a b\u00edrs\u00e1gok nyilv\u00e1noss\u00e1ga miatt a banki hitelfelv\u00e9teln\u00e9l esetleges neh\u00e9zs\u00e9gek, a kamatfel\u00e1r emelked\u00e9se.\n<p><em>Hoffmann G\u00e1bor Csaba<br \/>\nMunkajogi \u00e9s HR tan\u00e1csad\u00f3<\/em><\/li>\n<\/ul>\n","protected":false},"excerpt":{"rendered":"<p>Mint minden \u00e9vben, ez\u00fattal is meg\u00f6rvendezteti a v\u00e1llalkoz\u00f3kat a munka\u00fcgyi hat\u00f3s\u00e1g a k\u00f6vetkez\u0151 \u00e9vre vonatkoz\u00f3 ellen\u0151rz\u00e9si ir\u00e1nyelveivel. K\u00f6zz\u00e9tette a Munka\u00fcgyi \u00e9s Munkav\u00e9delmi Fel\u00fcgyel\u0151s\u00e9g a 2014. \u00e9vi ellen\u0151rz\u00e9si ir\u00e1nyelveit. A hat\u00f3s\u00e1g ez\u00fattal is k\u00fcl\u00f6n eml\u00edti a munkav\u00e9delmi \u00e9s a munka\u00fcgyi ellen\u0151rz\u00e9si tematik\u00e1t, melyekben a f\u0151 hangs\u00falyokat 2014-ben a k\u00f6vetkez\u0151k adj\u00e1k: Munkav\u00e9delmi ellen\u0151rz\u00e9sek: 2014 I. f\u00e9l\u00e9v\u00e9ben az<\/p>\n<p class=\"more-link\"><a href=\"https:\/\/www.munkaviszony.hu\/?p=346\" class=\"themebutton2\">READ MORE<\/a><\/p>\n","protected":false},"author":1,"featured_media":706,"comment_status":"closed","ping_status":"open","sticky":false,"template":"","format":"standard","meta":{"_exactmetrics_skip_tracking":false,"_exactmetrics_sitenote_active":false,"_exactmetrics_sitenote_note":"","_exactmetrics_sitenote_category":0,"footnotes":""},"categories":[9],"tags":[],"class_list":["post-346","post","type-post","status-publish","format-standard","has-post-thumbnail","hentry","category-munkajogi-blog"],"_links":{"self":[{"href":"https:\/\/www.munkaviszony.hu\/index.php?rest_route=\/wp\/v2\/posts\/346"}],"collection":[{"href":"https:\/\/www.munkaviszony.hu\/index.php?rest_route=\/wp\/v2\/posts"}],"about":[{"href":"https:\/\/www.munkaviszony.hu\/index.php?rest_route=\/wp\/v2\/types\/post"}],"author":[{"embeddable":true,"href":"https:\/\/www.munkaviszony.hu\/index.php?rest_route=\/wp\/v2\/users\/1"}],"replies":[{"embeddable":true,"href":"https:\/\/www.munkaviszony.hu\/index.php?rest_route=%2Fwp%2Fv2%2Fcomments&post=346"}],"version-history":[{"count":1,"href":"https:\/\/www.munkaviszony.hu\/index.php?rest_route=\/wp\/v2\/posts\/346\/revisions"}],"predecessor-version":[{"id":347,"href":"https:\/\/www.munkaviszony.hu\/index.php?rest_route=\/wp\/v2\/posts\/346\/revisions\/347"}],"wp:featuredmedia":[{"embeddable":true,"href":"https:\/\/www.munkaviszony.hu\/index.php?rest_route=\/wp\/v2\/media\/706"}],"wp:attachment":[{"href":"https:\/\/www.munkaviszony.hu\/index.php?rest_route=%2Fwp%2Fv2%2Fmedia&parent=346"}],"wp:term":[{"taxonomy":"category","embeddable":true,"href":"https:\/\/www.munkaviszony.hu\/index.php?rest_route=%2Fwp%2Fv2%2Fcategories&post=346"},{"taxonomy":"post_tag","embeddable":true,"href":"https:\/\/www.munkaviszony.hu\/index.php?rest_route=%2Fwp%2Fv2%2Ftags&post=346"}],"curies":[{"name":"wp","href":"https:\/\/api.w.org\/{rel}","templated":true}]}}