{"id":348,"date":"2014-01-10T13:23:31","date_gmt":"2014-01-10T12:23:31","guid":{"rendered":"http:\/\/www.munkaviszony.hu\/?p=348"},"modified":"2016-03-02T10:59:25","modified_gmt":"2016-03-02T09:59:25","slug":"keszuljon-fel-az-uj-evre","status":"publish","type":"post","link":"https:\/\/www.munkaviszony.hu\/?p=348","title":{"rendered":"K\u00e9sz\u00fclj\u00f6n fel az \u00faj \u00e9vre!"},"content":{"rendered":"<p>Az \u00e9v elej\u00e9vel \u00e9rdemes \u00e1ttekinteni c\u00e9g\u00fcnk m\u0171k\u00f6d\u00e9s\u00e9t, \u00e9s v\u00e9giggondolni, mit is szeretn\u00e9nk az \u00faj \u00e9vt\u0151l. Most t\u00e1j\u00e9koz\u00f3dhat az \u00faj vagy megv\u00e1ltozott szab\u00e1lyokr\u00f3l.<\/p>\n<p>A legfontosabb v\u00e1ltoz\u00e1s a minim\u00e1lb\u00e9rt \u00e9rintik. 2014-ben a hivatalos, kihirdetett minim\u00e1lb\u00e9r a k\u00f6vetkez\u0151:<br \/>\n<em>\u201eA teljes munkaid\u0151ben foglalkoztatott munkav\u00e1llal\u00f3 r\u00e9sz\u00e9re meg\u00e1llap\u00edtott alapb\u00e9r k\u00f6telez\u0151 legkisebb \u00f6sszege (minim\u00e1lb\u00e9r) a teljes munkaid\u0151 teljes\u00edt\u00e9se eset\u00e9n 2014. janu\u00e1r 1-j\u00e9t\u0151l havib\u00e9r alkalmaz\u00e1sa eset\u00e9n 101 500 forint, hetib\u00e9r alkalmaz\u00e1sa eset\u00e9n 23 360 forint, napib\u00e9r alkalmaz\u00e1sa eset\u00e9n 4 670 forint, \u00f3rab\u00e9r alkalmaz\u00e1sa eset\u00e9n 584 forint.<\/p>\n<p>A legal\u00e1bb k\u00f6z\u00e9pfok\u00fa iskolai v\u00e9gzetts\u00e9get, illetve k\u00f6z\u00e9pfok\u00fa szakk\u00e9pzetts\u00e9get ig\u00e9nyl\u0151 munkak\u00f6rben foglalkoztatott munkav\u00e1llal\u00f3 garant\u00e1lt b\u00e9rminimuma a teljes munkaid\u0151 teljes\u00edt\u00e9se eset\u00e9n 2014. janu\u00e1r 1-j\u00e9t\u0151l havib\u00e9r alkalmaz\u00e1sa eset\u00e9n 118 000 forint, hetib\u00e9r alkalmaz\u00e1sa eset\u00e9n 27 160 forint, napib\u00e9r alkalmaz\u00e1sa eset\u00e9n 5 430 forint, \u00f3rab\u00e9r alkalmaz\u00e1sa eset\u00e9n 679 forint.\u201d<\/em><\/p>\n<p>Az egyszer\u0171s\u00edtett foglalkoztat\u00e1sban minim\u00e1lb\u00e9r eset\u00e9n az ir\u00e1nyad\u00f3 sz\u00e1mok 2014-re:<\/p>\n<ul>\n<li>Napib\u00e9r: 3 970, \u00f3rab\u00e9r: 497 forint.<\/li>\n<li>A garant\u00e1lt b\u00e9rminimum fizet\u00e9se eset\u00e9n pedig a napib\u00e9r: 4 724, az \u00f3rab\u00e9r: 591 forint.<\/li>\n<li>Egyszer\u0171s\u00edtett foglalkoztat\u00e1s eset\u00e9n a munkab\u00e9r elsz\u00e1molhat\u00f3 napi maximuma 2014-ben 9.340 forint.\n<p>A minim\u00e1lb\u00e9r k\u00f6telez\u0151 jelleg\u0171 emel\u00e9s\u00e9vel egyidej\u0171leg \u00e9rdemes figyelemmel lenni a b\u00e9rtorl\u00f3d\u00e1sok- \u00e9s b\u00e9rfesz\u00fclts\u00e9gek elker\u00fcl\u00e9s\u00e9re. A legals\u00f3 b\u00e9rs\u00e1vok emel\u00e9se sor\u00e1n ugyanis azok r\u00e1torl\u00f3dhatnak a (kicsivel) magasabb b\u00e9rs\u00e1vokra, \u00edgy az ezekben foglalkoztatott munkav\u00e1llal\u00f3k fizet\u00e9se relat\u00edve cs\u00f6kkenni fog, amely a dolgoz\u00f3k \u201emunkakedv\u00e9t\u201d h\u00e1tr\u00e1nyosan befoly\u00e1solja. A minim\u00e1lb\u00e9rek emel\u00e9s\u00e9vel egyidej\u0171leg teh\u00e1t \u00e9rdemes a t\u00f6bbi b\u00e9rs\u00e1vot is fel\u00fclvizsg\u00e1lni.<\/p>\n<p>A Munka t\u00f6rv\u00e9nyk\u00f6nyv\u00e9ben 2014 janu\u00e1r elsej\u00e9vel 2 kisebb v\u00e1ltoz\u00e1s t\u00f6rt\u00e9nt. A k\u00f6tetlen munkaid\u0151 meghat\u00e1roz\u00e1s\u00e1n\u00e1l az eddigi megszor\u00edt\u00f3 kik\u00f6t\u00e9s, &#8211; mely szerint az a munkaid\u0151 sz\u00e1m\u00edt k\u00f6tetlennek, amelyben a munkav\u00e1llal\u00f3 legal\u00e1bb a munkaid\u0151 fel\u00e9t saj\u00e1t bel\u00e1t\u00e1sa szerint osztja be \u2013 megsz\u0171nt. Az \u00faj szab\u00e1lyoz\u00e1s szerint k\u00f6tetlen munkarend eset\u00e9n \u201eA munk\u00e1ltat\u00f3 a munkaid\u0151 beoszt\u00e1s\u00e1nak jog\u00e1t \u2013 a munkav\u00e9gz\u00e9s \u00f6n\u00e1ll\u00f3 megszervez\u00e9s\u00e9re tekintettel \u2013 a munkav\u00e1llal\u00f3 sz\u00e1m\u00e1ra \u00edr\u00e1sban \u00e1tengedheti (k\u00f6tetlen munkarend). A munkarend k\u00f6tetlen jelleg\u00e9t nem \u00e9rinti, ha a munkav\u00e1llal\u00f3 a munkak\u00f6ri feladatok egy r\u00e9sz\u00e9t saj\u00e1tos jelleg\u00fckn\u00e9l fogva meghat\u00e1rozott id\u0151pontban vagy id\u0151szakban teljes\u00edtheti.\u201d<\/p>\n<p>A m\u00e1sik kisebb v\u00e1ltoz\u00e1s pedig az \u00e9ves szabads\u00e1gok k\u00f6vetkez\u0151 \u00e9vre val\u00f3 \u00e1tv\u00e9tel\u00e9nek jog\u00e1t illeti: A munk\u00e1ltat\u00f3 &#8211; a felek napt\u00e1ri \u00e9vre k\u00f6t\u00f6tt meg\u00e1llapod\u00e1sa alapj\u00e1n az \u00e9ves szabads\u00e1g 20 napon fel\u00fcli r\u00e9sz\u00e9t az esed\u00e9kess\u00e9g \u00e9v\u00e9t k\u00f6vet\u0151 \u00e9v v\u00e9g\u00e9ig adhatja ki.<\/p>\n<p>A jogi felt\u00e9telek v\u00e1ltoz\u00e1s\u00e1n t\u00fal \u00e9rdemes 2014-ben is figyelemmel lenni a foglalkoztat\u00e1s k\u00f6lts\u00e9geire.<\/p>\n<p>Egy \u00e9rdekes\u00a0<a href=\"http:\/\/index.hu\/gazdasag\/2014\/01\/02\/munkaados_cikk\/\" target=\"_blank\"><strong>felm\u00e9r\u00e9s l\u00e1tott napvil\u00e1got az idei \u00e9v els\u0151 napjaiban<\/strong><\/a>, amely tartalmaz egy, a foglalkoztat\u00e1s terheir\u0151l sz\u00f3l\u00f3 grafikont. Ezek alapj\u00e1n az \u00e9l\u0151munka terhei szempontj\u00e1b\u00f3l Magyarorsz\u00e1g a felsorolt orsz\u00e1gok k\u00f6z\u00fcl a legdr\u00e1g\u00e1bb: 1000 eur\u00f3s brutt\u00f3 fizet\u00e9s a munk\u00e1ltat\u00f3nak 1960 eur\u00f3ba ker\u00fcl, m\u00edg a munkav\u00e1llal\u00f3 ebb\u0151l csup\u00e1n 655 eur\u00f3t kap k\u00e9zhez. \u00d6sszehasonl\u00edt\u00e1sk\u00e9nt: Ausztri\u00e1ban ugyan ez az 1000 eur\u00f3s brutt\u00f3 b\u00e9r 1540 eur\u00f3s teljes munk\u00e1ltat\u00f3i k\u00f6lts\u00e9get, \u00e9s 851 eur\u00f3s nett\u00f3 b\u00e9rt jelent.<\/p>\n<p>A b\u00e9rk\u00f6lts\u00e9geket teh\u00e1t minden v\u00e1llalkoz\u00e1s igyekszik \u2013 \u00edgy vagy \u00fagy \u2013 optimaliz\u00e1lni. Akik a leg\u00e1lis utat v\u00e1lasztj\u00e1k, azok sz\u00e1m\u00e1ra t\u00f6bb leg\u00e1lis megold\u00e1s is k\u00edn\u00e1lkozik 2014-ben is. Egyr\u00e9szt tov\u00e1bbra is sokat sp\u00f3rolhatnak a munk\u00e1ltat\u00f3k a munkav\u00e1llal\u00f3k megfelel\u0151 kiv\u00e1laszt\u00e1s\u00e1val. A nem megfelel\u0151en kiv\u00e1lasztott munkav\u00e1llal\u00f3 felv\u00e9teli, betan\u00edt\u00e1si, elbocs\u00e1jt\u00e1si k\u00f6lts\u00e9gei, az \u00faj felv\u00e9teli elj\u00e1r\u00e1s \u00e9s a mindek\u00f6zben termel\u00e9s n\u00e9lk\u00fcl kifizetett munkab\u00e9rek ak\u00e1r milli\u00f3s k\u00f6lts\u00e9geket is jelenthetnek a v\u00e1llalkoz\u00e1sok sz\u00e1m\u00e1ra. A munkaer\u0151-k\u00f6lcs\u00f6nz\u00e9s, illetve a di\u00e1kmunka mellett m\u00e9g sz\u00e1mtalan rugalmas, atipikus foglalkoztat\u00e1si forma adott a v\u00e1llalkoz\u00e1sok sz\u00e1m\u00e1ra, amivel munkaer\u0151-k\u00f6lts\u00e9geiket optimaliz\u00e1lhatj\u00e1k. Bizonyos munkav\u00e1llal\u00f3i k\u00f6r\u00f6k foglalkoztat\u00e1s\u00e1t az \u00e1llam jelent\u0151s ad\u00f3k\u00f6nny\u00edt\u00e9sekkel \u00f6szt\u00f6nzi, tov\u00e1bb\u00e1 \u00e9rdekes lehet megvizsg\u00e1lni azokat a lehet\u0151s\u00e9geket, amelyekkel kedvezm\u00e9nyesen vagy ak\u00e1r ad\u00f3mentesen juttathatnak p\u00e9nzt a munkav\u00e1llal\u00f3k sz\u00e1m\u00e1ra. Ezek egyike lehet p\u00e9ld\u00e1ul a sokakat \u00e9rint\u0151\u00a0<a href=\"http:\/\/www.hrportal.hu\/hr\/lakashitel-torlesztes-tamogatasa-adomentesen-mit-tegyen-a-munkaltato-20131203.html\" target=\"_blank\"><strong>lak\u00e1shitel-\u00e1tv\u00e1llal\u00e1s.<\/strong><\/a><\/p>\n<p><em>Hoffmann G\u00e1bor Csaba<br \/>\nMunkajogi \u00e9s HR tan\u00e1csad\u00f3<\/em><\/li>\n<\/ul>\n","protected":false},"excerpt":{"rendered":"<p>Az \u00e9v elej\u00e9vel \u00e9rdemes \u00e1ttekinteni c\u00e9g\u00fcnk m\u0171k\u00f6d\u00e9s\u00e9t, \u00e9s v\u00e9giggondolni, mit is szeretn\u00e9nk az \u00faj \u00e9vt\u0151l. Most t\u00e1j\u00e9koz\u00f3dhat az \u00faj vagy megv\u00e1ltozott szab\u00e1lyokr\u00f3l. A legfontosabb v\u00e1ltoz\u00e1s a minim\u00e1lb\u00e9rt \u00e9rintik. 2014-ben a hivatalos, kihirdetett minim\u00e1lb\u00e9r a k\u00f6vetkez\u0151: \u201eA teljes munkaid\u0151ben foglalkoztatott munkav\u00e1llal\u00f3 r\u00e9sz\u00e9re meg\u00e1llap\u00edtott alapb\u00e9r k\u00f6telez\u0151 legkisebb \u00f6sszege (minim\u00e1lb\u00e9r) a teljes munkaid\u0151 teljes\u00edt\u00e9se eset\u00e9n 2014. janu\u00e1r 1-j\u00e9t\u0151l<\/p>\n<p class=\"more-link\"><a href=\"https:\/\/www.munkaviszony.hu\/?p=348\" class=\"themebutton2\">READ MORE<\/a><\/p>\n","protected":false},"author":1,"featured_media":706,"comment_status":"closed","ping_status":"open","sticky":false,"template":"","format":"standard","meta":{"_exactmetrics_skip_tracking":false,"_exactmetrics_sitenote_active":false,"_exactmetrics_sitenote_note":"","_exactmetrics_sitenote_category":0,"footnotes":""},"categories":[9],"tags":[],"class_list":["post-348","post","type-post","status-publish","format-standard","has-post-thumbnail","hentry","category-munkajogi-blog"],"_links":{"self":[{"href":"https:\/\/www.munkaviszony.hu\/index.php?rest_route=\/wp\/v2\/posts\/348"}],"collection":[{"href":"https:\/\/www.munkaviszony.hu\/index.php?rest_route=\/wp\/v2\/posts"}],"about":[{"href":"https:\/\/www.munkaviszony.hu\/index.php?rest_route=\/wp\/v2\/types\/post"}],"author":[{"embeddable":true,"href":"https:\/\/www.munkaviszony.hu\/index.php?rest_route=\/wp\/v2\/users\/1"}],"replies":[{"embeddable":true,"href":"https:\/\/www.munkaviszony.hu\/index.php?rest_route=%2Fwp%2Fv2%2Fcomments&post=348"}],"version-history":[{"count":1,"href":"https:\/\/www.munkaviszony.hu\/index.php?rest_route=\/wp\/v2\/posts\/348\/revisions"}],"predecessor-version":[{"id":349,"href":"https:\/\/www.munkaviszony.hu\/index.php?rest_route=\/wp\/v2\/posts\/348\/revisions\/349"}],"wp:featuredmedia":[{"embeddable":true,"href":"https:\/\/www.munkaviszony.hu\/index.php?rest_route=\/wp\/v2\/media\/706"}],"wp:attachment":[{"href":"https:\/\/www.munkaviszony.hu\/index.php?rest_route=%2Fwp%2Fv2%2Fmedia&parent=348"}],"wp:term":[{"taxonomy":"category","embeddable":true,"href":"https:\/\/www.munkaviszony.hu\/index.php?rest_route=%2Fwp%2Fv2%2Fcategories&post=348"},{"taxonomy":"post_tag","embeddable":true,"href":"https:\/\/www.munkaviszony.hu\/index.php?rest_route=%2Fwp%2Fv2%2Ftags&post=348"}],"curies":[{"name":"wp","href":"https:\/\/api.w.org\/{rel}","templated":true}]}}