{"id":366,"date":"2014-02-19T14:35:59","date_gmt":"2014-02-19T13:35:59","guid":{"rendered":"http:\/\/www.munkaviszony.hu\/?p=366"},"modified":"2016-03-02T10:59:24","modified_gmt":"2016-03-02T09:59:24","slug":"argus-szemmel-figyeli-a-nav-a-munkaero-kolcsonzoket","status":"publish","type":"post","link":"https:\/\/www.munkaviszony.hu\/?p=366","title":{"rendered":"\u00c1rgus szemmel figyeli a NAV a munkaer\u0151-k\u00f6lcs\u00f6nz\u0151ket"},"content":{"rendered":"<p><strong>A NAV az id\u00e9n is fokozottan figyeli a k\u00f6lcs\u00f6nz\u00f6tt munkaer\u0151t haszn\u00e1l\u00f3 c\u00e9geket, \u00e9s komoly bajba ker\u00fclhet, aki \u00fagy v\u00e9li, ez a foglalkoztat\u00e1si forma a k\u00f6lts\u00e9gk\u00edm\u00e9l\u00e9st szolg\u00e1lja \u2013 \u00edrta a vg.hu.<\/strong><\/p>\n<p>A Nemzeti Foglalkoztat\u00e1si Szolg\u00e1lat adatai szerint\u00a0\u2013\u00a0<a href=\"http:\/\/www.vg.hu\/vallalatok\/egyre-tobbeket-kolcsonoznek-a-nav-az-iden-is-fokozottan-figyel-421906\" target=\"_blank\">\u00edrja a napilap<\/a>\u00a0\u2013 a nyilv\u00e1ntartott munkaer\u0151-k\u00f6lcs\u00f6nz\u0151k sz\u00e1ma Magyarorsz\u00e1gon megk\u00f6zel\u00edti az ezret. Hoffmann G\u00e1bor Csaba, az EU-csoport munkajogi \u00e9s HR-vezet\u0151je szerint ezeknek a regisztr\u00e1lt v\u00e1llalkoz\u00e1soknak elemi \u00e9rdek\u00fck az \u00e1tl\u00e1that\u00f3 m\u0171k\u00f6d\u00e9s. Gond azokkal a f\u0151leg k\u00fclf\u00f6ldi \u201egar\u00e1zsc\u00e9gekkel\u201d van, amelyek \u00fcgyfelei is komoly kock\u00e1zatoknak teszik ki magukat azzal, hogy elhiszik, munkaer\u0151-k\u00f6lcs\u00f6nz\u0151n kereszt\u00fcl olcs\u00f3bb lehet a foglalkoztat\u00e1s.<\/p>\n<p>\u201eEz egy \u00e9rt\u00e9kn\u00f6velt szolg\u00e1ltat\u00e1s, amelyben a munkav\u00e1llal\u00f3kkal kapcsolatos szinte valamennyi adminisztr\u00e1ci\u00f3 a k\u00f6lcs\u00f6nz\u0151t terheli. Emellett a dolgoz\u00f3t\u00f3l is egyszer\u0171bben \u00e9s gyorsabban megv\u00e1lhat\u201d \u2013 mondja a<em>\u00a0vg.hu-nak<\/em> a szakember. Hozz\u00e1t\u00e9ve: aki csak k\u00f6lts\u00e9get szeretne cs\u00f6kkenteni, annak m\u00e9rlegelnie kell, hogy a feketefoglalkoztat\u00e1s minden negat\u00edv k\u00f6vetkezm\u00e9nye is mind a k\u00f6lcs\u00f6nvev\u0151t terheli.<\/p>\n","protected":false},"excerpt":{"rendered":"<p>A NAV az id\u00e9n is fokozottan figyeli a k\u00f6lcs\u00f6nz\u00f6tt munkaer\u0151t haszn\u00e1l\u00f3 c\u00e9geket, \u00e9s komoly bajba ker\u00fclhet, aki \u00fagy v\u00e9li, ez a foglalkoztat\u00e1si forma a k\u00f6lts\u00e9gk\u00edm\u00e9l\u00e9st szolg\u00e1lja \u2013 \u00edrta a vg.hu. A Nemzeti Foglalkoztat\u00e1si Szolg\u00e1lat adatai szerint\u00a0\u2013\u00a0\u00edrja a napilap\u00a0\u2013 a nyilv\u00e1ntartott munkaer\u0151-k\u00f6lcs\u00f6nz\u0151k sz\u00e1ma Magyarorsz\u00e1gon megk\u00f6zel\u00edti az ezret. Hoffmann G\u00e1bor Csaba, az EU-csoport munkajogi \u00e9s HR-vezet\u0151je szerint<\/p>\n<p class=\"more-link\"><a href=\"https:\/\/www.munkaviszony.hu\/?p=366\" class=\"themebutton2\">READ MORE<\/a><\/p>\n","protected":false},"author":1,"featured_media":706,"comment_status":"closed","ping_status":"open","sticky":false,"template":"","format":"standard","meta":{"_exactmetrics_skip_tracking":false,"_exactmetrics_sitenote_active":false,"_exactmetrics_sitenote_note":"","_exactmetrics_sitenote_category":0,"footnotes":""},"categories":[9],"tags":[],"class_list":["post-366","post","type-post","status-publish","format-standard","has-post-thumbnail","hentry","category-munkajogi-blog"],"_links":{"self":[{"href":"https:\/\/www.munkaviszony.hu\/index.php?rest_route=\/wp\/v2\/posts\/366"}],"collection":[{"href":"https:\/\/www.munkaviszony.hu\/index.php?rest_route=\/wp\/v2\/posts"}],"about":[{"href":"https:\/\/www.munkaviszony.hu\/index.php?rest_route=\/wp\/v2\/types\/post"}],"author":[{"embeddable":true,"href":"https:\/\/www.munkaviszony.hu\/index.php?rest_route=\/wp\/v2\/users\/1"}],"replies":[{"embeddable":true,"href":"https:\/\/www.munkaviszony.hu\/index.php?rest_route=%2Fwp%2Fv2%2Fcomments&post=366"}],"version-history":[{"count":1,"href":"https:\/\/www.munkaviszony.hu\/index.php?rest_route=\/wp\/v2\/posts\/366\/revisions"}],"predecessor-version":[{"id":367,"href":"https:\/\/www.munkaviszony.hu\/index.php?rest_route=\/wp\/v2\/posts\/366\/revisions\/367"}],"wp:featuredmedia":[{"embeddable":true,"href":"https:\/\/www.munkaviszony.hu\/index.php?rest_route=\/wp\/v2\/media\/706"}],"wp:attachment":[{"href":"https:\/\/www.munkaviszony.hu\/index.php?rest_route=%2Fwp%2Fv2%2Fmedia&parent=366"}],"wp:term":[{"taxonomy":"category","embeddable":true,"href":"https:\/\/www.munkaviszony.hu\/index.php?rest_route=%2Fwp%2Fv2%2Fcategories&post=366"},{"taxonomy":"post_tag","embeddable":true,"href":"https:\/\/www.munkaviszony.hu\/index.php?rest_route=%2Fwp%2Fv2%2Ftags&post=366"}],"curies":[{"name":"wp","href":"https:\/\/api.w.org\/{rel}","templated":true}]}}